{"id":2655,"date":"2021-03-25T10:52:23","date_gmt":"2021-03-25T13:52:23","guid":{"rendered":"http:\/\/digitalhelp.rgdi.net\/site\/?p=2655"},"modified":"2021-07-07T15:24:06","modified_gmt":"2021-07-07T18:24:06","slug":"dudu-e-osvaldo-pp","status":"publish","type":"post","link":"https:\/\/digitalhelp.rgdi.net\/site\/dudu-e-osvaldo-pp\/","title":{"rendered":"Dudu e Osvaldo &#8211; PP"},"content":{"rendered":"\n<div class=\"wp-block-media-text alignwide is-stacked-on-mobile\" style=\"grid-template-columns:28% auto\"><figure class=\"wp-block-media-text__media\"><img loading=\"lazy\" decoding=\"async\" width=\"300\" height=\"240\" src=\"https:\/\/digitalhelp.rgdi.net\/site\/wp-content\/uploads\/2021\/03\/dudu-osvaldo.jpg\" alt=\"\" class=\"wp-image-2656 size-full\"\/><\/figure><div class=\"wp-block-media-text__content\">\n<p><strong>Cliente:<\/strong>&nbsp;Majorit\u00e1ria Dudu e Osvaldo |&nbsp;<strong><strong>Localiza\u00e7\u00e3o<\/strong>:<\/strong>&nbsp;Porto Lucena\/RS \u2013 Brasil<br><strong>Partido:&nbsp;<\/strong>Progressistas |&nbsp;<strong>Coliga\u00e7\u00e3o:&nbsp;<\/strong>Unidos por Porto Lucena: Coragem para Mudar, Compet\u00eancia para Fazer!<\/p>\n\n\n\n<p><strong>Servi\u00e7os:<\/strong>&nbsp;Cria\u00e7\u00e3o de Logotipo da majorit\u00e1ria e logotipo da coliga\u00e7\u00e3o, material de campanha impresso: Santinho, Folder 2 Dobras, Colinha, Adesivo Parachoque, Perfurite, Praguinha e Cartaz.<\/p>\n<\/div><\/div>\n\n\n\n<h3 class=\"has-text-align-center has-cyan-bluish-gray-background-color has-background wp-block-heading\">IDENTIDADE VISUAL<\/h3>\n\n\n\n<figure class=\"wp-block-gallery columns-2 is-cropped wp-block-gallery-1 is-layout-flex wp-block-gallery-is-layout-flex\"><ul class=\"blocks-gallery-grid\"><li class=\"blocks-gallery-item\"><figure><a href=\"https:\/\/digitalhelp.rgdi.net\/site\/wp-content\/uploads\/2021\/05\/logo-dudu-coligacao.jpg\" rel=\"lightbox[gallery-2]\"><img loading=\"lazy\" decoding=\"async\" width=\"500\" height=\"500\" src=\"https:\/\/digitalhelp.rgdi.net\/site\/wp-content\/uploads\/2021\/05\/logo-dudu-coligacao.jpg\" alt=\"\" data-id=\"3290\" data-full-url=\"https:\/\/digitalhelp.rgdi.net\/site\/wp-content\/uploads\/2021\/05\/logo-dudu-coligacao.jpg\" data-link=\"https:\/\/digitalhelp.rgdi.net\/site\/dudu-e-osvaldo-pp\/logo-dudu-coligacao\/\" class=\"wp-image-3290\" srcset=\"https:\/\/digitalhelp.rgdi.net\/site\/wp-content\/uploads\/2021\/05\/logo-dudu-coligacao.jpg 500w, https:\/\/digitalhelp.rgdi.net\/site\/wp-content\/uploads\/2021\/05\/logo-dudu-coligacao-400x400.jpg 400w, https:\/\/digitalhelp.rgdi.net\/site\/wp-content\/uploads\/2021\/05\/logo-dudu-coligacao-300x300.jpg 300w, https:\/\/digitalhelp.rgdi.net\/site\/wp-content\/uploads\/2021\/05\/logo-dudu-coligacao-100x100.jpg 100w\" sizes=\"auto, (max-width: 500px) 100vw, 500px\" \/><\/a><\/figure><\/li><li class=\"blocks-gallery-item\"><figure><a href=\"https:\/\/digitalhelp.rgdi.net\/site\/wp-content\/uploads\/2021\/05\/logo-dudu2.jpg\" rel=\"lightbox[gallery-2]\"><img loading=\"lazy\" decoding=\"async\" width=\"500\" height=\"401\" src=\"https:\/\/digitalhelp.rgdi.net\/site\/wp-content\/uploads\/2021\/05\/logo-dudu2.jpg\" alt=\"\" data-id=\"3291\" data-full-url=\"https:\/\/digitalhelp.rgdi.net\/site\/wp-content\/uploads\/2021\/05\/logo-dudu2.jpg\" data-link=\"https:\/\/digitalhelp.rgdi.net\/site\/dudu-e-osvaldo-pp\/logo-dudu2\/\" class=\"wp-image-3291\" srcset=\"https:\/\/digitalhelp.rgdi.net\/site\/wp-content\/uploads\/2021\/05\/logo-dudu2.jpg 500w, https:\/\/digitalhelp.rgdi.net\/site\/wp-content\/uploads\/2021\/05\/logo-dudu2-400x321.jpg 400w\" sizes=\"auto, (max-width: 500px) 100vw, 500px\" \/><\/a><\/figure><\/li><\/ul><\/figure>\n\n\n\n<h3 class=\"has-text-align-center has-cyan-bluish-gray-background-color has-background wp-block-heading\">MATERIAL IMPRESSO<\/h3>\n\n\n\n<p class=\"has-text-align-center\">A DHB produziu o material completo para a Campanha, sendo para Prefeito e Candidatos a Vereadores da coliga\u00e7\u00e3o, fornecidos pela majorit\u00e1ria, a impress\u00e3o do matereruial ficou a carga do diret\u00f3rio.<\/p>\n\n\n\n<figure class=\"wp-block-gallery columns-5 is-cropped wp-block-gallery-2 is-layout-flex wp-block-gallery-is-layout-flex\"><ul class=\"blocks-gallery-grid\"><li class=\"blocks-gallery-item\"><figure><a href=\"https:\/\/digitalhelp.rgdi.net\/site\/wp-content\/uploads\/2021\/03\/adesivo-11x30-curvas-1.jpg\" rel=\"lightbox[gallery-3]\"><img loading=\"lazy\" decoding=\"async\" width=\"1024\" height=\"382\" src=\"https:\/\/digitalhelp.rgdi.net\/site\/wp-content\/uploads\/2021\/03\/adesivo-11x30-curvas-1-1024x382.jpg\" alt=\"\" data-id=\"2855\" data-full-url=\"https:\/\/digitalhelp.rgdi.net\/site\/wp-content\/uploads\/2021\/03\/adesivo-11x30-curvas-1.jpg\" data-link=\"https:\/\/digitalhelp.rgdi.net\/site\/dudu-e-osvaldo-pp\/adesivo-11x30-curvas-1\/\" class=\"wp-image-2855\" srcset=\"https:\/\/digitalhelp.rgdi.net\/site\/wp-content\/uploads\/2021\/03\/adesivo-11x30-curvas-1-1024x382.jpg 1024w, https:\/\/digitalhelp.rgdi.net\/site\/wp-content\/uploads\/2021\/03\/adesivo-11x30-curvas-1-400x149.jpg 400w, https:\/\/digitalhelp.rgdi.net\/site\/wp-content\/uploads\/2021\/03\/adesivo-11x30-curvas-1-768x287.jpg 768w, https:\/\/digitalhelp.rgdi.net\/site\/wp-content\/uploads\/2021\/03\/adesivo-11x30-curvas-1-600x224.jpg 600w, https:\/\/digitalhelp.rgdi.net\/site\/wp-content\/uploads\/2021\/03\/adesivo-11x30-curvas-1.jpg 1080w\" sizes=\"auto, (max-width: 1024px) 100vw, 1024px\" \/><\/a><figcaption class=\"blocks-gallery-item__caption\">ADESIVO PARA-CHOQUE<\/figcaption><\/figure><\/li><li class=\"blocks-gallery-item\"><figure><a href=\"https:\/\/digitalhelp.rgdi.net\/site\/wp-content\/uploads\/2021\/03\/banner-1.jpg\" rel=\"lightbox[gallery-3]\"><img loading=\"lazy\" decoding=\"async\" width=\"726\" height=\"1024\" src=\"https:\/\/digitalhelp.rgdi.net\/site\/wp-content\/uploads\/2021\/03\/banner-1-726x1024.jpg\" alt=\"\" data-id=\"2856\" data-full-url=\"https:\/\/digitalhelp.rgdi.net\/site\/wp-content\/uploads\/2021\/03\/banner-1.jpg\" data-link=\"https:\/\/digitalhelp.rgdi.net\/site\/dudu-e-osvaldo-pp\/banner-1\/\" class=\"wp-image-2856\" srcset=\"https:\/\/digitalhelp.rgdi.net\/site\/wp-content\/uploads\/2021\/03\/banner-1-726x1024.jpg 726w, https:\/\/digitalhelp.rgdi.net\/site\/wp-content\/uploads\/2021\/03\/banner-1-284x400.jpg 284w, https:\/\/digitalhelp.rgdi.net\/site\/wp-content\/uploads\/2021\/03\/banner-1-600x846.jpg 600w, https:\/\/digitalhelp.rgdi.net\/site\/wp-content\/uploads\/2021\/03\/banner-1.jpg 766w\" sizes=\"auto, (max-width: 726px) 100vw, 726px\" \/><\/a><figcaption class=\"blocks-gallery-item__caption\">CARTAZ E BANNER<\/figcaption><\/figure><\/li><li class=\"blocks-gallery-item\"><figure><a href=\"https:\/\/digitalhelp.rgdi.net\/site\/wp-content\/uploads\/2021\/03\/Folder_30x42_2DOBRAS-1.jpg\" rel=\"lightbox[gallery-3]\"><img loading=\"lazy\" decoding=\"async\" width=\"1024\" height=\"734\" src=\"https:\/\/digitalhelp.rgdi.net\/site\/wp-content\/uploads\/2021\/03\/Folder_30x42_2DOBRAS-1-1024x734.jpg\" alt=\"\" data-id=\"2857\" data-full-url=\"https:\/\/digitalhelp.rgdi.net\/site\/wp-content\/uploads\/2021\/03\/Folder_30x42_2DOBRAS-1.jpg\" data-link=\"https:\/\/digitalhelp.rgdi.net\/site\/dudu-e-osvaldo-pp\/folder_30x42_2dobras-1\/\" class=\"wp-image-2857\" srcset=\"https:\/\/digitalhelp.rgdi.net\/site\/wp-content\/uploads\/2021\/03\/Folder_30x42_2DOBRAS-1-1024x734.jpg 1024w, https:\/\/digitalhelp.rgdi.net\/site\/wp-content\/uploads\/2021\/03\/Folder_30x42_2DOBRAS-1-400x287.jpg 400w, https:\/\/digitalhelp.rgdi.net\/site\/wp-content\/uploads\/2021\/03\/Folder_30x42_2DOBRAS-1-768x550.jpg 768w, https:\/\/digitalhelp.rgdi.net\/site\/wp-content\/uploads\/2021\/03\/Folder_30x42_2DOBRAS-1-600x430.jpg 600w, https:\/\/digitalhelp.rgdi.net\/site\/wp-content\/uploads\/2021\/03\/Folder_30x42_2DOBRAS-1.jpg 1080w\" sizes=\"auto, (max-width: 1024px) 100vw, 1024px\" \/><\/a><figcaption class=\"blocks-gallery-item__caption\">FOLDER 2 DOBRAS EXTERNAS<\/figcaption><\/figure><\/li><li class=\"blocks-gallery-item\"><figure><a href=\"https:\/\/digitalhelp.rgdi.net\/site\/wp-content\/uploads\/2021\/03\/Folder_30x42_2DOBRAS-2.jpg\" rel=\"lightbox[gallery-3]\"><img loading=\"lazy\" decoding=\"async\" width=\"1024\" height=\"734\" src=\"https:\/\/digitalhelp.rgdi.net\/site\/wp-content\/uploads\/2021\/03\/Folder_30x42_2DOBRAS-2-1024x734.jpg\" alt=\"\" data-id=\"2858\" data-full-url=\"https:\/\/digitalhelp.rgdi.net\/site\/wp-content\/uploads\/2021\/03\/Folder_30x42_2DOBRAS-2.jpg\" data-link=\"https:\/\/digitalhelp.rgdi.net\/site\/dudu-e-osvaldo-pp\/folder_30x42_2dobras-2\/\" class=\"wp-image-2858\" srcset=\"https:\/\/digitalhelp.rgdi.net\/site\/wp-content\/uploads\/2021\/03\/Folder_30x42_2DOBRAS-2-1024x734.jpg 1024w, https:\/\/digitalhelp.rgdi.net\/site\/wp-content\/uploads\/2021\/03\/Folder_30x42_2DOBRAS-2-400x287.jpg 400w, https:\/\/digitalhelp.rgdi.net\/site\/wp-content\/uploads\/2021\/03\/Folder_30x42_2DOBRAS-2-768x550.jpg 768w, https:\/\/digitalhelp.rgdi.net\/site\/wp-content\/uploads\/2021\/03\/Folder_30x42_2DOBRAS-2-600x430.jpg 600w, https:\/\/digitalhelp.rgdi.net\/site\/wp-content\/uploads\/2021\/03\/Folder_30x42_2DOBRAS-2.jpg 1080w\" sizes=\"auto, (max-width: 1024px) 100vw, 1024px\" \/><\/a><figcaption class=\"blocks-gallery-item__caption\">FOLDER 2 DOBRAS INTERNAS<\/figcaption><\/figure><\/li><li class=\"blocks-gallery-item\"><figure><a href=\"https:\/\/digitalhelp.rgdi.net\/site\/wp-content\/uploads\/2021\/03\/perfuritex70x39-web-01.jpg\" rel=\"lightbox[gallery-3]\"><img loading=\"lazy\" decoding=\"async\" width=\"1024\" height=\"571\" src=\"https:\/\/digitalhelp.rgdi.net\/site\/wp-content\/uploads\/2021\/03\/perfuritex70x39-web-01-1024x571.jpg\" alt=\"\" data-id=\"2859\" data-full-url=\"https:\/\/digitalhelp.rgdi.net\/site\/wp-content\/uploads\/2021\/03\/perfuritex70x39-web-01.jpg\" data-link=\"https:\/\/digitalhelp.rgdi.net\/site\/dudu-e-osvaldo-pp\/perfuritex70x39-web-01\/\" class=\"wp-image-2859\" srcset=\"https:\/\/digitalhelp.rgdi.net\/site\/wp-content\/uploads\/2021\/03\/perfuritex70x39-web-01-1024x571.jpg 1024w, https:\/\/digitalhelp.rgdi.net\/site\/wp-content\/uploads\/2021\/03\/perfuritex70x39-web-01-400x223.jpg 400w, https:\/\/digitalhelp.rgdi.net\/site\/wp-content\/uploads\/2021\/03\/perfuritex70x39-web-01-768x428.jpg 768w, https:\/\/digitalhelp.rgdi.net\/site\/wp-content\/uploads\/2021\/03\/perfuritex70x39-web-01-600x334.jpg 600w, https:\/\/digitalhelp.rgdi.net\/site\/wp-content\/uploads\/2021\/03\/perfuritex70x39-web-01.jpg 1080w\" sizes=\"auto, (max-width: 1024px) 100vw, 1024px\" \/><\/a><figcaption class=\"blocks-gallery-item__caption\">PERFURITE<\/figcaption><\/figure><\/li><li class=\"blocks-gallery-item\"><figure><a href=\"https:\/\/digitalhelp.rgdi.net\/site\/wp-content\/uploads\/2021\/03\/pragao_7x7_redondo-1.jpg\" rel=\"lightbox[gallery-3]\"><img loading=\"lazy\" decoding=\"async\" width=\"583\" height=\"583\" src=\"https:\/\/digitalhelp.rgdi.net\/site\/wp-content\/uploads\/2021\/03\/pragao_7x7_redondo-1.jpg\" alt=\"\" data-id=\"2860\" data-full-url=\"https:\/\/digitalhelp.rgdi.net\/site\/wp-content\/uploads\/2021\/03\/pragao_7x7_redondo-1.jpg\" data-link=\"https:\/\/digitalhelp.rgdi.net\/site\/dudu-e-osvaldo-pp\/pragao_7x7_redondo-1\/\" class=\"wp-image-2860\" srcset=\"https:\/\/digitalhelp.rgdi.net\/site\/wp-content\/uploads\/2021\/03\/pragao_7x7_redondo-1.jpg 583w, https:\/\/digitalhelp.rgdi.net\/site\/wp-content\/uploads\/2021\/03\/pragao_7x7_redondo-1-400x400.jpg 400w, https:\/\/digitalhelp.rgdi.net\/site\/wp-content\/uploads\/2021\/03\/pragao_7x7_redondo-1-300x300.jpg 300w, https:\/\/digitalhelp.rgdi.net\/site\/wp-content\/uploads\/2021\/03\/pragao_7x7_redondo-1-100x100.jpg 100w\" sizes=\"auto, (max-width: 583px) 100vw, 583px\" \/><\/a><figcaption class=\"blocks-gallery-item__caption\">PRAGUINHA 7X7<\/figcaption><\/figure><\/li><li class=\"blocks-gallery-item\"><figure><a href=\"https:\/\/digitalhelp.rgdi.net\/site\/wp-content\/uploads\/2021\/03\/pragao_7x7_redondo-2.jpg\" rel=\"lightbox[gallery-3]\"><img loading=\"lazy\" decoding=\"async\" width=\"583\" height=\"583\" src=\"https:\/\/digitalhelp.rgdi.net\/site\/wp-content\/uploads\/2021\/03\/pragao_7x7_redondo-2.jpg\" alt=\"\" data-id=\"2861\" data-full-url=\"https:\/\/digitalhelp.rgdi.net\/site\/wp-content\/uploads\/2021\/03\/pragao_7x7_redondo-2.jpg\" data-link=\"https:\/\/digitalhelp.rgdi.net\/site\/dudu-e-osvaldo-pp\/pragao_7x7_redondo-2\/\" class=\"wp-image-2861\" srcset=\"https:\/\/digitalhelp.rgdi.net\/site\/wp-content\/uploads\/2021\/03\/pragao_7x7_redondo-2.jpg 583w, https:\/\/digitalhelp.rgdi.net\/site\/wp-content\/uploads\/2021\/03\/pragao_7x7_redondo-2-400x400.jpg 400w, https:\/\/digitalhelp.rgdi.net\/site\/wp-content\/uploads\/2021\/03\/pragao_7x7_redondo-2-300x300.jpg 300w, https:\/\/digitalhelp.rgdi.net\/site\/wp-content\/uploads\/2021\/03\/pragao_7x7_redondo-2-100x100.jpg 100w\" sizes=\"auto, (max-width: 583px) 100vw, 583px\" \/><\/a><figcaption class=\"blocks-gallery-item__caption\">PRAGUINHA 7X7<\/figcaption><\/figure><\/li><li class=\"blocks-gallery-item\"><figure><a href=\"https:\/\/digitalhelp.rgdi.net\/site\/wp-content\/uploads\/2021\/03\/pragao_7x7_redondo-3.jpg\" rel=\"lightbox[gallery-3]\"><img loading=\"lazy\" decoding=\"async\" width=\"583\" height=\"583\" src=\"https:\/\/digitalhelp.rgdi.net\/site\/wp-content\/uploads\/2021\/03\/pragao_7x7_redondo-3.jpg\" alt=\"\" data-id=\"2862\" data-full-url=\"https:\/\/digitalhelp.rgdi.net\/site\/wp-content\/uploads\/2021\/03\/pragao_7x7_redondo-3.jpg\" data-link=\"https:\/\/digitalhelp.rgdi.net\/site\/dudu-e-osvaldo-pp\/pragao_7x7_redondo-3\/\" class=\"wp-image-2862\" srcset=\"https:\/\/digitalhelp.rgdi.net\/site\/wp-content\/uploads\/2021\/03\/pragao_7x7_redondo-3.jpg 583w, https:\/\/digitalhelp.rgdi.net\/site\/wp-content\/uploads\/2021\/03\/pragao_7x7_redondo-3-400x400.jpg 400w, https:\/\/digitalhelp.rgdi.net\/site\/wp-content\/uploads\/2021\/03\/pragao_7x7_redondo-3-300x300.jpg 300w, https:\/\/digitalhelp.rgdi.net\/site\/wp-content\/uploads\/2021\/03\/pragao_7x7_redondo-3-100x100.jpg 100w\" sizes=\"auto, (max-width: 583px) 100vw, 583px\" \/><\/a><figcaption class=\"blocks-gallery-item__caption\">PRAGUINHA 7X7<\/figcaption><\/figure><\/li><\/ul><\/figure>\n\n\n\n<div class=\"wp-block-file\"><a href=\"https:\/\/digitalhelp.rgdi.net\/site\/wp-content\/uploads\/2021\/06\/Folder-dudu_30x42_2DOBRAS-compactado.pdf\">Baixar PDf do Folder de 2 Dobras<\/a><a href=\"https:\/\/digitalhelp.rgdi.net\/site\/wp-content\/uploads\/2021\/06\/Folder-dudu_30x42_2DOBRAS-compactado.pdf\" class=\"wp-block-file__button\" download>Baixar<\/a><\/div>\n\n\n\n<hr class=\"wp-block-separator is-style-wide\"\/>\n\n\n\n<h3 class=\"has-text-align-center wp-block-heading\">MAJORIT\u00c1RIA COM PROPORCIONAIS<\/h3>\n\n\n\n<p class=\"has-text-align-center\">Santinhos 10&#215;7 frente majorit\u00e1ria verso proporcionais.<\/p>\n\n\n\n<figure class=\"wp-block-gallery columns-5 is-cropped wp-block-gallery-3 is-layout-flex wp-block-gallery-is-layout-flex\"><ul class=\"blocks-gallery-grid\"><li class=\"blocks-gallery-item\"><figure><a href=\"https:\/\/digitalhelp.rgdi.net\/site\/wp-content\/uploads\/2021\/03\/SANTINHO_PREFEITO-vs-VEREADOR_7X10cm-CURVAS-01.jpg\" rel=\"lightbox[gallery-4]\"><img loading=\"lazy\" decoding=\"async\" width=\"552\" height=\"788\" src=\"https:\/\/digitalhelp.rgdi.net\/site\/wp-content\/uploads\/2021\/03\/SANTINHO_PREFEITO-vs-VEREADOR_7X10cm-CURVAS-01.jpg\" alt=\"\" data-id=\"2866\" data-link=\"https:\/\/digitalhelp.rgdi.net\/site\/dudu-e-osvaldo-pp\/santinho_prefeito-vs-vereador_7x10cm-curvas-01\/\" class=\"wp-image-2866\" srcset=\"https:\/\/digitalhelp.rgdi.net\/site\/wp-content\/uploads\/2021\/03\/SANTINHO_PREFEITO-vs-VEREADOR_7X10cm-CURVAS-01.jpg 552w, https:\/\/digitalhelp.rgdi.net\/site\/wp-content\/uploads\/2021\/03\/SANTINHO_PREFEITO-vs-VEREADOR_7X10cm-CURVAS-01-280x400.jpg 280w\" sizes=\"auto, (max-width: 552px) 100vw, 552px\" \/><\/a><\/figure><\/li><li class=\"blocks-gallery-item\"><figure><a href=\"https:\/\/digitalhelp.rgdi.net\/site\/wp-content\/uploads\/2021\/03\/SANTINHO_PREFEITO-vs-VEREADOR_7X10cm-CURVAS-02.jpg\" rel=\"lightbox[gallery-4]\"><img loading=\"lazy\" decoding=\"async\" width=\"552\" height=\"788\" src=\"https:\/\/digitalhelp.rgdi.net\/site\/wp-content\/uploads\/2021\/03\/SANTINHO_PREFEITO-vs-VEREADOR_7X10cm-CURVAS-02.jpg\" alt=\"\" data-id=\"2867\" data-link=\"https:\/\/digitalhelp.rgdi.net\/site\/dudu-e-osvaldo-pp\/santinho_prefeito-vs-vereador_7x10cm-curvas-02\/\" class=\"wp-image-2867\" srcset=\"https:\/\/digitalhelp.rgdi.net\/site\/wp-content\/uploads\/2021\/03\/SANTINHO_PREFEITO-vs-VEREADOR_7X10cm-CURVAS-02.jpg 552w, https:\/\/digitalhelp.rgdi.net\/site\/wp-content\/uploads\/2021\/03\/SANTINHO_PREFEITO-vs-VEREADOR_7X10cm-CURVAS-02-280x400.jpg 280w\" sizes=\"auto, (max-width: 552px) 100vw, 552px\" \/><\/a><\/figure><\/li><li class=\"blocks-gallery-item\"><figure><a href=\"https:\/\/digitalhelp.rgdi.net\/site\/wp-content\/uploads\/2021\/03\/SANTINHO_PREFEITO-vs-VEREADOR_7X10cm-CURVAS-03.jpg\" rel=\"lightbox[gallery-4]\"><img loading=\"lazy\" decoding=\"async\" width=\"552\" height=\"788\" src=\"https:\/\/digitalhelp.rgdi.net\/site\/wp-content\/uploads\/2021\/03\/SANTINHO_PREFEITO-vs-VEREADOR_7X10cm-CURVAS-03.jpg\" alt=\"\" data-id=\"2868\" data-link=\"https:\/\/digitalhelp.rgdi.net\/site\/dudu-e-osvaldo-pp\/santinho_prefeito-vs-vereador_7x10cm-curvas-03\/\" class=\"wp-image-2868\" srcset=\"https:\/\/digitalhelp.rgdi.net\/site\/wp-content\/uploads\/2021\/03\/SANTINHO_PREFEITO-vs-VEREADOR_7X10cm-CURVAS-03.jpg 552w, https:\/\/digitalhelp.rgdi.net\/site\/wp-content\/uploads\/2021\/03\/SANTINHO_PREFEITO-vs-VEREADOR_7X10cm-CURVAS-03-280x400.jpg 280w\" sizes=\"auto, (max-width: 552px) 100vw, 552px\" \/><\/a><\/figure><\/li><li class=\"blocks-gallery-item\"><figure><a href=\"https:\/\/digitalhelp.rgdi.net\/site\/wp-content\/uploads\/2021\/03\/SANTINHO_PREFEITO-vs-VEREADOR_7X10cm-CURVAS-06.jpg\" rel=\"lightbox[gallery-4]\"><img loading=\"lazy\" decoding=\"async\" width=\"552\" height=\"788\" src=\"https:\/\/digitalhelp.rgdi.net\/site\/wp-content\/uploads\/2021\/03\/SANTINHO_PREFEITO-vs-VEREADOR_7X10cm-CURVAS-06.jpg\" alt=\"\" data-id=\"2869\" data-link=\"https:\/\/digitalhelp.rgdi.net\/site\/dudu-e-osvaldo-pp\/santinho_prefeito-vs-vereador_7x10cm-curvas-06\/\" class=\"wp-image-2869\" srcset=\"https:\/\/digitalhelp.rgdi.net\/site\/wp-content\/uploads\/2021\/03\/SANTINHO_PREFEITO-vs-VEREADOR_7X10cm-CURVAS-06.jpg 552w, https:\/\/digitalhelp.rgdi.net\/site\/wp-content\/uploads\/2021\/03\/SANTINHO_PREFEITO-vs-VEREADOR_7X10cm-CURVAS-06-280x400.jpg 280w\" sizes=\"auto, (max-width: 552px) 100vw, 552px\" \/><\/a><\/figure><\/li><li class=\"blocks-gallery-item\"><figure><a href=\"https:\/\/digitalhelp.rgdi.net\/site\/wp-content\/uploads\/2021\/03\/SANTINHO_PREFEITO-vs-VEREADOR_7X10cm-CURVAS-08.jpg\" rel=\"lightbox[gallery-4]\"><img loading=\"lazy\" decoding=\"async\" width=\"552\" height=\"788\" src=\"https:\/\/digitalhelp.rgdi.net\/site\/wp-content\/uploads\/2021\/03\/SANTINHO_PREFEITO-vs-VEREADOR_7X10cm-CURVAS-08.jpg\" alt=\"\" data-id=\"2870\" data-link=\"https:\/\/digitalhelp.rgdi.net\/site\/dudu-e-osvaldo-pp\/santinho_prefeito-vs-vereador_7x10cm-curvas-08\/\" class=\"wp-image-2870\" srcset=\"https:\/\/digitalhelp.rgdi.net\/site\/wp-content\/uploads\/2021\/03\/SANTINHO_PREFEITO-vs-VEREADOR_7X10cm-CURVAS-08.jpg 552w, https:\/\/digitalhelp.rgdi.net\/site\/wp-content\/uploads\/2021\/03\/SANTINHO_PREFEITO-vs-VEREADOR_7X10cm-CURVAS-08-280x400.jpg 280w\" sizes=\"auto, (max-width: 552px) 100vw, 552px\" \/><\/a><\/figure><\/li><li class=\"blocks-gallery-item\"><figure><a href=\"https:\/\/digitalhelp.rgdi.net\/site\/wp-content\/uploads\/2021\/04\/SANTINHO_PREFEITO-vs-VEREADOR_7X10cm-CURVAS-05.jpg\" rel=\"lightbox[gallery-4]\"><img loading=\"lazy\" decoding=\"async\" width=\"552\" height=\"788\" src=\"https:\/\/digitalhelp.rgdi.net\/site\/wp-content\/uploads\/2021\/04\/SANTINHO_PREFEITO-vs-VEREADOR_7X10cm-CURVAS-05.jpg\" alt=\"\" data-id=\"2884\" data-full-url=\"https:\/\/digitalhelp.rgdi.net\/site\/wp-content\/uploads\/2021\/04\/SANTINHO_PREFEITO-vs-VEREADOR_7X10cm-CURVAS-05.jpg\" data-link=\"https:\/\/digitalhelp.rgdi.net\/site\/dudu-e-osvaldo-pp\/santinho_prefeito-vs-vereador_7x10cm-curvas-05\/\" class=\"wp-image-2884\" srcset=\"https:\/\/digitalhelp.rgdi.net\/site\/wp-content\/uploads\/2021\/04\/SANTINHO_PREFEITO-vs-VEREADOR_7X10cm-CURVAS-05.jpg 552w, https:\/\/digitalhelp.rgdi.net\/site\/wp-content\/uploads\/2021\/04\/SANTINHO_PREFEITO-vs-VEREADOR_7X10cm-CURVAS-05-280x400.jpg 280w\" sizes=\"auto, (max-width: 552px) 100vw, 552px\" \/><\/a><\/figure><\/li><li class=\"blocks-gallery-item\"><figure><a href=\"https:\/\/digitalhelp.rgdi.net\/site\/wp-content\/uploads\/2021\/04\/SANTINHO_PREFEITO-vs-VEREADOR_7X10cm-CURVAS-04.jpg\" rel=\"lightbox[gallery-4]\"><img loading=\"lazy\" decoding=\"async\" width=\"552\" height=\"788\" src=\"https:\/\/digitalhelp.rgdi.net\/site\/wp-content\/uploads\/2021\/04\/SANTINHO_PREFEITO-vs-VEREADOR_7X10cm-CURVAS-04.jpg\" alt=\"\" data-id=\"2883\" data-full-url=\"https:\/\/digitalhelp.rgdi.net\/site\/wp-content\/uploads\/2021\/04\/SANTINHO_PREFEITO-vs-VEREADOR_7X10cm-CURVAS-04.jpg\" data-link=\"https:\/\/digitalhelp.rgdi.net\/site\/dudu-e-osvaldo-pp\/santinho_prefeito-vs-vereador_7x10cm-curvas-04\/\" class=\"wp-image-2883\" srcset=\"https:\/\/digitalhelp.rgdi.net\/site\/wp-content\/uploads\/2021\/04\/SANTINHO_PREFEITO-vs-VEREADOR_7X10cm-CURVAS-04.jpg 552w, https:\/\/digitalhelp.rgdi.net\/site\/wp-content\/uploads\/2021\/04\/SANTINHO_PREFEITO-vs-VEREADOR_7X10cm-CURVAS-04-280x400.jpg 280w\" sizes=\"auto, (max-width: 552px) 100vw, 552px\" \/><\/a><\/figure><\/li><li class=\"blocks-gallery-item\"><figure><a href=\"https:\/\/digitalhelp.rgdi.net\/site\/wp-content\/uploads\/2021\/04\/SANTINHO_PREFEITO-vs-VEREADOR_7X10cm-CURVAS-09.jpg\" rel=\"lightbox[gallery-4]\"><img loading=\"lazy\" decoding=\"async\" width=\"552\" height=\"788\" src=\"https:\/\/digitalhelp.rgdi.net\/site\/wp-content\/uploads\/2021\/04\/SANTINHO_PREFEITO-vs-VEREADOR_7X10cm-CURVAS-09.jpg\" alt=\"\" data-id=\"2886\" data-full-url=\"https:\/\/digitalhelp.rgdi.net\/site\/wp-content\/uploads\/2021\/04\/SANTINHO_PREFEITO-vs-VEREADOR_7X10cm-CURVAS-09.jpg\" data-link=\"https:\/\/digitalhelp.rgdi.net\/site\/dudu-e-osvaldo-pp\/santinho_prefeito-vs-vereador_7x10cm-curvas-09\/\" class=\"wp-image-2886\" srcset=\"https:\/\/digitalhelp.rgdi.net\/site\/wp-content\/uploads\/2021\/04\/SANTINHO_PREFEITO-vs-VEREADOR_7X10cm-CURVAS-09.jpg 552w, https:\/\/digitalhelp.rgdi.net\/site\/wp-content\/uploads\/2021\/04\/SANTINHO_PREFEITO-vs-VEREADOR_7X10cm-CURVAS-09-280x400.jpg 280w\" sizes=\"auto, (max-width: 552px) 100vw, 552px\" \/><\/a><\/figure><\/li><li class=\"blocks-gallery-item\"><figure><a href=\"https:\/\/digitalhelp.rgdi.net\/site\/wp-content\/uploads\/2021\/04\/SANTINHO_PREFEITO-vs-VEREADOR_7X10cm-CURVAS-07.jpg\" rel=\"lightbox[gallery-4]\"><img loading=\"lazy\" decoding=\"async\" width=\"552\" height=\"788\" src=\"https:\/\/digitalhelp.rgdi.net\/site\/wp-content\/uploads\/2021\/04\/SANTINHO_PREFEITO-vs-VEREADOR_7X10cm-CURVAS-07.jpg\" alt=\"\" data-id=\"2885\" data-full-url=\"https:\/\/digitalhelp.rgdi.net\/site\/wp-content\/uploads\/2021\/04\/SANTINHO_PREFEITO-vs-VEREADOR_7X10cm-CURVAS-07.jpg\" data-link=\"https:\/\/digitalhelp.rgdi.net\/site\/dudu-e-osvaldo-pp\/santinho_prefeito-vs-vereador_7x10cm-curvas-07\/\" class=\"wp-image-2885\" srcset=\"https:\/\/digitalhelp.rgdi.net\/site\/wp-content\/uploads\/2021\/04\/SANTINHO_PREFEITO-vs-VEREADOR_7X10cm-CURVAS-07.jpg 552w, https:\/\/digitalhelp.rgdi.net\/site\/wp-content\/uploads\/2021\/04\/SANTINHO_PREFEITO-vs-VEREADOR_7X10cm-CURVAS-07-280x400.jpg 280w\" sizes=\"auto, (max-width: 552px) 100vw, 552px\" \/><\/a><\/figure><\/li><li class=\"blocks-gallery-item\"><figure><a href=\"https:\/\/digitalhelp.rgdi.net\/site\/wp-content\/uploads\/2021\/04\/SANTINHO_PREFEITO-vs-VEREADOR_7X10cm-CURVAS-10.jpg\" rel=\"lightbox[gallery-4]\"><img loading=\"lazy\" decoding=\"async\" width=\"552\" height=\"788\" src=\"https:\/\/digitalhelp.rgdi.net\/site\/wp-content\/uploads\/2021\/04\/SANTINHO_PREFEITO-vs-VEREADOR_7X10cm-CURVAS-10.jpg\" alt=\"\" data-id=\"2887\" data-full-url=\"https:\/\/digitalhelp.rgdi.net\/site\/wp-content\/uploads\/2021\/04\/SANTINHO_PREFEITO-vs-VEREADOR_7X10cm-CURVAS-10.jpg\" data-link=\"https:\/\/digitalhelp.rgdi.net\/site\/dudu-e-osvaldo-pp\/santinho_prefeito-vs-vereador_7x10cm-curvas-10\/\" class=\"wp-image-2887\" srcset=\"https:\/\/digitalhelp.rgdi.net\/site\/wp-content\/uploads\/2021\/04\/SANTINHO_PREFEITO-vs-VEREADOR_7X10cm-CURVAS-10.jpg 552w, https:\/\/digitalhelp.rgdi.net\/site\/wp-content\/uploads\/2021\/04\/SANTINHO_PREFEITO-vs-VEREADOR_7X10cm-CURVAS-10-280x400.jpg 280w\" sizes=\"auto, (max-width: 552px) 100vw, 552px\" \/><\/a><\/figure><\/li><\/ul><\/figure>\n\n\n\n<p class=\"has-text-align-center\">Colinhas 10&#215;7 frente majorit\u00e1ria verso proporcionais.<\/p>\n\n\n\n<figure class=\"wp-block-gallery columns-5 is-cropped wp-block-gallery-4 is-layout-flex wp-block-gallery-is-layout-flex\"><ul class=\"blocks-gallery-grid\"><li class=\"blocks-gallery-item\"><figure><a href=\"https:\/\/digitalhelp.rgdi.net\/site\/wp-content\/uploads\/2021\/04\/santinho-7x10-prefeito-colinha-09.jpg\" rel=\"lightbox[gallery-5]\"><img loading=\"lazy\" decoding=\"async\" width=\"583\" height=\"819\" src=\"https:\/\/digitalhelp.rgdi.net\/site\/wp-content\/uploads\/2021\/04\/santinho-7x10-prefeito-colinha-09.jpg\" alt=\"\" data-id=\"2882\" data-full-url=\"https:\/\/digitalhelp.rgdi.net\/site\/wp-content\/uploads\/2021\/04\/santinho-7x10-prefeito-colinha-09.jpg\" data-link=\"https:\/\/digitalhelp.rgdi.net\/site\/dudu-e-osvaldo-pp\/santinho-7x10-prefeito-colinha-09\/\" class=\"wp-image-2882\" srcset=\"https:\/\/digitalhelp.rgdi.net\/site\/wp-content\/uploads\/2021\/04\/santinho-7x10-prefeito-colinha-09.jpg 583w, https:\/\/digitalhelp.rgdi.net\/site\/wp-content\/uploads\/2021\/04\/santinho-7x10-prefeito-colinha-09-285x400.jpg 285w\" sizes=\"auto, (max-width: 583px) 100vw, 583px\" \/><\/a><\/figure><\/li><li class=\"blocks-gallery-item\"><figure><a href=\"https:\/\/digitalhelp.rgdi.net\/site\/wp-content\/uploads\/2021\/04\/santinho-7x10-prefeito-colinha-08.jpg\" rel=\"lightbox[gallery-5]\"><img loading=\"lazy\" decoding=\"async\" width=\"583\" height=\"819\" src=\"https:\/\/digitalhelp.rgdi.net\/site\/wp-content\/uploads\/2021\/04\/santinho-7x10-prefeito-colinha-08.jpg\" alt=\"\" data-id=\"2880\" data-full-url=\"https:\/\/digitalhelp.rgdi.net\/site\/wp-content\/uploads\/2021\/04\/santinho-7x10-prefeito-colinha-08.jpg\" data-link=\"https:\/\/digitalhelp.rgdi.net\/site\/dudu-e-osvaldo-pp\/santinho-7x10-prefeito-colinha-08\/\" class=\"wp-image-2880\" srcset=\"https:\/\/digitalhelp.rgdi.net\/site\/wp-content\/uploads\/2021\/04\/santinho-7x10-prefeito-colinha-08.jpg 583w, https:\/\/digitalhelp.rgdi.net\/site\/wp-content\/uploads\/2021\/04\/santinho-7x10-prefeito-colinha-08-285x400.jpg 285w\" sizes=\"auto, (max-width: 583px) 100vw, 583px\" \/><\/a><\/figure><\/li><li class=\"blocks-gallery-item\"><figure><a href=\"https:\/\/digitalhelp.rgdi.net\/site\/wp-content\/uploads\/2021\/04\/santinho-7x10-prefeito-colinha-04.jpg\" rel=\"lightbox[gallery-5]\"><img loading=\"lazy\" decoding=\"async\" width=\"583\" height=\"819\" src=\"https:\/\/digitalhelp.rgdi.net\/site\/wp-content\/uploads\/2021\/04\/santinho-7x10-prefeito-colinha-04.jpg\" alt=\"\" data-id=\"2879\" data-full-url=\"https:\/\/digitalhelp.rgdi.net\/site\/wp-content\/uploads\/2021\/04\/santinho-7x10-prefeito-colinha-04.jpg\" data-link=\"https:\/\/digitalhelp.rgdi.net\/site\/dudu-e-osvaldo-pp\/santinho-7x10-prefeito-colinha-04\/\" class=\"wp-image-2879\" srcset=\"https:\/\/digitalhelp.rgdi.net\/site\/wp-content\/uploads\/2021\/04\/santinho-7x10-prefeito-colinha-04.jpg 583w, https:\/\/digitalhelp.rgdi.net\/site\/wp-content\/uploads\/2021\/04\/santinho-7x10-prefeito-colinha-04-285x400.jpg 285w\" sizes=\"auto, (max-width: 583px) 100vw, 583px\" \/><\/a><\/figure><\/li><li class=\"blocks-gallery-item\"><figure><a href=\"https:\/\/digitalhelp.rgdi.net\/site\/wp-content\/uploads\/2021\/04\/santinho-7x10-prefeito-colinha-03.jpg\" rel=\"lightbox[gallery-5]\"><img loading=\"lazy\" decoding=\"async\" width=\"583\" height=\"819\" src=\"https:\/\/digitalhelp.rgdi.net\/site\/wp-content\/uploads\/2021\/04\/santinho-7x10-prefeito-colinha-03.jpg\" alt=\"\" data-id=\"2878\" data-full-url=\"https:\/\/digitalhelp.rgdi.net\/site\/wp-content\/uploads\/2021\/04\/santinho-7x10-prefeito-colinha-03.jpg\" data-link=\"https:\/\/digitalhelp.rgdi.net\/site\/dudu-e-osvaldo-pp\/santinho-7x10-prefeito-colinha-03\/\" class=\"wp-image-2878\" srcset=\"https:\/\/digitalhelp.rgdi.net\/site\/wp-content\/uploads\/2021\/04\/santinho-7x10-prefeito-colinha-03.jpg 583w, https:\/\/digitalhelp.rgdi.net\/site\/wp-content\/uploads\/2021\/04\/santinho-7x10-prefeito-colinha-03-285x400.jpg 285w\" sizes=\"auto, (max-width: 583px) 100vw, 583px\" \/><\/a><\/figure><\/li><li class=\"blocks-gallery-item\"><figure><a href=\"https:\/\/digitalhelp.rgdi.net\/site\/wp-content\/uploads\/2021\/03\/santinho-7x10-prefeito-10.jpg\" rel=\"lightbox[gallery-5]\"><img loading=\"lazy\" decoding=\"async\" width=\"583\" height=\"819\" src=\"https:\/\/digitalhelp.rgdi.net\/site\/wp-content\/uploads\/2021\/03\/santinho-7x10-prefeito-10.jpg\" alt=\"\" data-id=\"2875\" data-full-url=\"https:\/\/digitalhelp.rgdi.net\/site\/wp-content\/uploads\/2021\/03\/santinho-7x10-prefeito-10.jpg\" data-link=\"https:\/\/digitalhelp.rgdi.net\/site\/dudu-e-osvaldo-pp\/santinho-7x10-prefeito-10\/\" class=\"wp-image-2875\" srcset=\"https:\/\/digitalhelp.rgdi.net\/site\/wp-content\/uploads\/2021\/03\/santinho-7x10-prefeito-10.jpg 583w, https:\/\/digitalhelp.rgdi.net\/site\/wp-content\/uploads\/2021\/03\/santinho-7x10-prefeito-10-285x400.jpg 285w\" sizes=\"auto, (max-width: 583px) 100vw, 583px\" \/><\/a><\/figure><\/li><li class=\"blocks-gallery-item\"><figure><a href=\"https:\/\/digitalhelp.rgdi.net\/site\/wp-content\/uploads\/2021\/03\/santinho-7x10-prefeito-07.jpg\" rel=\"lightbox[gallery-5]\"><img loading=\"lazy\" decoding=\"async\" width=\"583\" height=\"819\" src=\"https:\/\/digitalhelp.rgdi.net\/site\/wp-content\/uploads\/2021\/03\/santinho-7x10-prefeito-07.jpg\" alt=\"\" data-id=\"2874\" data-full-url=\"https:\/\/digitalhelp.rgdi.net\/site\/wp-content\/uploads\/2021\/03\/santinho-7x10-prefeito-07.jpg\" data-link=\"https:\/\/digitalhelp.rgdi.net\/site\/dudu-e-osvaldo-pp\/santinho-7x10-prefeito-07\/\" class=\"wp-image-2874\" srcset=\"https:\/\/digitalhelp.rgdi.net\/site\/wp-content\/uploads\/2021\/03\/santinho-7x10-prefeito-07.jpg 583w, https:\/\/digitalhelp.rgdi.net\/site\/wp-content\/uploads\/2021\/03\/santinho-7x10-prefeito-07-285x400.jpg 285w\" sizes=\"auto, (max-width: 583px) 100vw, 583px\" \/><\/a><\/figure><\/li><li class=\"blocks-gallery-item\"><figure><a href=\"https:\/\/digitalhelp.rgdi.net\/site\/wp-content\/uploads\/2021\/03\/santinho-7x10-prefeito-06.jpg\" rel=\"lightbox[gallery-5]\"><img loading=\"lazy\" decoding=\"async\" width=\"583\" height=\"819\" src=\"https:\/\/digitalhelp.rgdi.net\/site\/wp-content\/uploads\/2021\/03\/santinho-7x10-prefeito-06.jpg\" alt=\"\" data-id=\"2873\" data-full-url=\"https:\/\/digitalhelp.rgdi.net\/site\/wp-content\/uploads\/2021\/03\/santinho-7x10-prefeito-06.jpg\" data-link=\"https:\/\/digitalhelp.rgdi.net\/site\/dudu-e-osvaldo-pp\/santinho-7x10-prefeito-06\/\" class=\"wp-image-2873\" srcset=\"https:\/\/digitalhelp.rgdi.net\/site\/wp-content\/uploads\/2021\/03\/santinho-7x10-prefeito-06.jpg 583w, https:\/\/digitalhelp.rgdi.net\/site\/wp-content\/uploads\/2021\/03\/santinho-7x10-prefeito-06-285x400.jpg 285w\" sizes=\"auto, (max-width: 583px) 100vw, 583px\" \/><\/a><\/figure><\/li><li class=\"blocks-gallery-item\"><figure><a href=\"https:\/\/digitalhelp.rgdi.net\/site\/wp-content\/uploads\/2021\/03\/santinho-7x10-prefeito-05.jpg\" rel=\"lightbox[gallery-5]\"><img loading=\"lazy\" decoding=\"async\" width=\"583\" height=\"819\" src=\"https:\/\/digitalhelp.rgdi.net\/site\/wp-content\/uploads\/2021\/03\/santinho-7x10-prefeito-05.jpg\" alt=\"\" data-id=\"2872\" data-full-url=\"https:\/\/digitalhelp.rgdi.net\/site\/wp-content\/uploads\/2021\/03\/santinho-7x10-prefeito-05.jpg\" data-link=\"https:\/\/digitalhelp.rgdi.net\/site\/dudu-e-osvaldo-pp\/santinho-7x10-prefeito-05\/\" class=\"wp-image-2872\" srcset=\"https:\/\/digitalhelp.rgdi.net\/site\/wp-content\/uploads\/2021\/03\/santinho-7x10-prefeito-05.jpg 583w, https:\/\/digitalhelp.rgdi.net\/site\/wp-content\/uploads\/2021\/03\/santinho-7x10-prefeito-05-285x400.jpg 285w\" sizes=\"auto, (max-width: 583px) 100vw, 583px\" \/><\/a><\/figure><\/li><li class=\"blocks-gallery-item\"><figure><a href=\"https:\/\/digitalhelp.rgdi.net\/site\/wp-content\/uploads\/2021\/03\/santinho-7x10-prefeito-02.jpg\" rel=\"lightbox[gallery-5]\"><img loading=\"lazy\" decoding=\"async\" width=\"583\" height=\"819\" src=\"https:\/\/digitalhelp.rgdi.net\/site\/wp-content\/uploads\/2021\/03\/santinho-7x10-prefeito-02.jpg\" alt=\"\" data-id=\"2871\" data-full-url=\"https:\/\/digitalhelp.rgdi.net\/site\/wp-content\/uploads\/2021\/03\/santinho-7x10-prefeito-02.jpg\" data-link=\"https:\/\/digitalhelp.rgdi.net\/site\/dudu-e-osvaldo-pp\/santinho-7x10-prefeito-02\/\" class=\"wp-image-2871\" srcset=\"https:\/\/digitalhelp.rgdi.net\/site\/wp-content\/uploads\/2021\/03\/santinho-7x10-prefeito-02.jpg 583w, https:\/\/digitalhelp.rgdi.net\/site\/wp-content\/uploads\/2021\/03\/santinho-7x10-prefeito-02-285x400.jpg 285w\" sizes=\"auto, (max-width: 583px) 100vw, 583px\" \/><\/a><\/figure><\/li><\/ul><\/figure>\n","protected":false},"excerpt":{"rendered":"<p>Cliente:&nbsp;Majorit\u00e1ria Dudu e Osvaldo |&nbsp;Localiza\u00e7\u00e3o:&nbsp;Porto Lucena\/RS \u2013 BrasilPartido:&nbsp;Progressistas |&nbsp;Coliga\u00e7\u00e3o:&nbsp;Unidos por Porto Lucena: Coragem para Mudar, Compet\u00eancia para Fazer! Servi\u00e7os:&nbsp;Cria\u00e7\u00e3o de Logotipo da majorit\u00e1ria e logotipo da coliga\u00e7\u00e3o, material de campanha impresso: Santinho, Folder 2 Dobras, Colinha, Adesivo Parachoque, Perfurite, Praguinha e Cartaz. IDENTIDADE VISUAL MATERIAL IMPRESSO A DHB produziu o material completo para a Campanha,&#8230;<\/p>\n","protected":false},"author":1,"featured_media":2656,"comment_status":"closed","ping_status":"closed","sticky":false,"template":"","format":"standard","meta":{"_eb_attr":"","_vp_format_video_url":"","_vp_image_focal_point":[],"footnotes":""},"categories":[159,205,155],"tags":[284,166,287,301,302,303],"class_list":["post-2655","post","type-post","status-publish","format-standard","has-post-thumbnail","hentry","category-dudu-e-osvaldo-majoritaria-de-porto-lucena-pp","category-majoritarias","category-midia-eleitoral-eleicoes-municipais-2020","tag-candidato","tag-eleicoes-2020","tag-midia-eleitoral","tag-porto-lucena","tag-pp","tag-prefeito"],"yoast_head":"<!-- This site is optimized with the Yoast SEO plugin v27.2 - https:\/\/yoast.com\/product\/yoast-seo-wordpress\/ -->\n<title>Dudu e Osvaldo - PP - Fa\u00e7a parte da EVOLU\u00c7\u00c3O Digital<\/title>\n<meta name=\"robots\" content=\"index, follow, max-snippet:-1, max-image-preview:large, max-video-preview:-1\" \/>\n<link rel=\"canonical\" href=\"https:\/\/digitalhelp.rgdi.net\/site\/dudu-e-osvaldo-pp\/\" \/>\n<meta property=\"og:locale\" content=\"pt_BR\" \/>\n<meta property=\"og:type\" content=\"article\" \/>\n<meta property=\"og:title\" content=\"Dudu e Osvaldo - PP - Fa\u00e7a parte da EVOLU\u00c7\u00c3O Digital\" \/>\n<meta property=\"og:description\" content=\"Cliente:&nbsp;Majorit\u00e1ria Dudu e Osvaldo |&nbsp;Localiza\u00e7\u00e3o:&nbsp;Porto Lucena\/RS \u2013 BrasilPartido:&nbsp;Progressistas |&nbsp;Coliga\u00e7\u00e3o:&nbsp;Unidos por Porto Lucena: Coragem para Mudar, Compet\u00eancia para Fazer! Servi\u00e7os:&nbsp;Cria\u00e7\u00e3o de Logotipo da majorit\u00e1ria e logotipo da coliga\u00e7\u00e3o, material de campanha impresso: Santinho, Folder 2 Dobras, Colinha, Adesivo Parachoque, Perfurite, Praguinha e Cartaz. IDENTIDADE VISUAL MATERIAL IMPRESSO A DHB produziu o material completo para a Campanha,...\" \/>\n<meta property=\"og:url\" content=\"https:\/\/digitalhelp.rgdi.net\/site\/dudu-e-osvaldo-pp\/\" \/>\n<meta property=\"og:site_name\" content=\"Fa\u00e7a parte da EVOLU\u00c7\u00c3O Digital\" \/>\n<meta property=\"article:publisher\" content=\"https:\/\/www.facebook.com\/digitalhelp.rgdi.net\" \/>\n<meta property=\"article:published_time\" content=\"2021-03-25T13:52:23+00:00\" \/>\n<meta property=\"article:modified_time\" content=\"2021-07-07T18:24:06+00:00\" \/>\n<meta property=\"og:image\" content=\"https:\/\/digitalhelp.rgdi.net\/site\/wp-content\/uploads\/2021\/03\/dudu-osvaldo.jpg\" \/>\n\t<meta property=\"og:image:width\" content=\"300\" \/>\n\t<meta property=\"og:image:height\" content=\"240\" \/>\n\t<meta property=\"og:image:type\" content=\"image\/jpeg\" \/>\n<meta name=\"author\" content=\"digitalhelp\" \/>\n<meta name=\"twitter:card\" content=\"summary_large_image\" \/>\n<meta name=\"twitter:label1\" content=\"Escrito por\" \/>\n\t<meta name=\"twitter:data1\" content=\"digitalhelp\" \/>\n\t<meta name=\"twitter:label2\" content=\"Est. tempo de leitura\" \/>\n\t<meta name=\"twitter:data2\" content=\"1 minuto\" \/>\n<script type=\"application\/ld+json\" class=\"yoast-schema-graph\">{\"@context\":\"https:\/\/schema.org\",\"@graph\":[{\"@type\":\"Article\",\"@id\":\"https:\/\/digitalhelp.rgdi.net\/site\/dudu-e-osvaldo-pp\/#article\",\"isPartOf\":{\"@id\":\"https:\/\/digitalhelp.rgdi.net\/site\/dudu-e-osvaldo-pp\/\"},\"author\":{\"name\":\"digitalhelp\",\"@id\":\"https:\/\/digitalhelp.rgdi.net\/site\/#\/schema\/person\/05f722efe17dffbff81946c53f7d46d7\"},\"headline\":\"Dudu e Osvaldo &#8211; PP\",\"datePublished\":\"2021-03-25T13:52:23+00:00\",\"dateModified\":\"2021-07-07T18:24:06+00:00\",\"mainEntityOfPage\":{\"@id\":\"https:\/\/digitalhelp.rgdi.net\/site\/dudu-e-osvaldo-pp\/\"},\"wordCount\":148,\"publisher\":{\"@id\":\"https:\/\/digitalhelp.rgdi.net\/site\/#organization\"},\"image\":{\"@id\":\"https:\/\/digitalhelp.rgdi.net\/site\/dudu-e-osvaldo-pp\/#primaryimage\"},\"thumbnailUrl\":\"https:\/\/digitalhelp.rgdi.net\/site\/wp-content\/uploads\/2021\/03\/dudu-osvaldo.jpg\",\"keywords\":[\"candidato\",\"Elei\u00e7\u00f5es 2020\",\"m\u00eddia eleitoral\",\"Porto Lucena\",\"PP\",\"Prefeito\"],\"articleSection\":[\"Dudu e Osvaldo - Majorit\u00e1ria de Porto Lucena (PP)\",\"MAJORIT\u00c1RIAS\",\"M\u00cdDIA ELEITORAL - Elei\u00e7\u00f5es Municipais 2020\"],\"inLanguage\":\"pt-BR\"},{\"@type\":\"WebPage\",\"@id\":\"https:\/\/digitalhelp.rgdi.net\/site\/dudu-e-osvaldo-pp\/\",\"url\":\"https:\/\/digitalhelp.rgdi.net\/site\/dudu-e-osvaldo-pp\/\",\"name\":\"Dudu e Osvaldo - PP - Fa\u00e7a parte da EVOLU\u00c7\u00c3O Digital\",\"isPartOf\":{\"@id\":\"https:\/\/digitalhelp.rgdi.net\/site\/#website\"},\"primaryImageOfPage\":{\"@id\":\"https:\/\/digitalhelp.rgdi.net\/site\/dudu-e-osvaldo-pp\/#primaryimage\"},\"image\":{\"@id\":\"https:\/\/digitalhelp.rgdi.net\/site\/dudu-e-osvaldo-pp\/#primaryimage\"},\"thumbnailUrl\":\"https:\/\/digitalhelp.rgdi.net\/site\/wp-content\/uploads\/2021\/03\/dudu-osvaldo.jpg\",\"datePublished\":\"2021-03-25T13:52:23+00:00\",\"dateModified\":\"2021-07-07T18:24:06+00:00\",\"breadcrumb\":{\"@id\":\"https:\/\/digitalhelp.rgdi.net\/site\/dudu-e-osvaldo-pp\/#breadcrumb\"},\"inLanguage\":\"pt-BR\",\"potentialAction\":[{\"@type\":\"ReadAction\",\"target\":[\"https:\/\/digitalhelp.rgdi.net\/site\/dudu-e-osvaldo-pp\/\"]}]},{\"@type\":\"ImageObject\",\"inLanguage\":\"pt-BR\",\"@id\":\"https:\/\/digitalhelp.rgdi.net\/site\/dudu-e-osvaldo-pp\/#primaryimage\",\"url\":\"https:\/\/digitalhelp.rgdi.net\/site\/wp-content\/uploads\/2021\/03\/dudu-osvaldo.jpg\",\"contentUrl\":\"https:\/\/digitalhelp.rgdi.net\/site\/wp-content\/uploads\/2021\/03\/dudu-osvaldo.jpg\",\"width\":300,\"height\":240},{\"@type\":\"BreadcrumbList\",\"@id\":\"https:\/\/digitalhelp.rgdi.net\/site\/dudu-e-osvaldo-pp\/#breadcrumb\",\"itemListElement\":[{\"@type\":\"ListItem\",\"position\":1,\"name\":\"In\u00edcio\",\"item\":\"https:\/\/digitalhelp.rgdi.net\/site\/\"},{\"@type\":\"ListItem\",\"position\":2,\"name\":\"Dudu e Osvaldo &#8211; PP\"}]},{\"@type\":\"WebSite\",\"@id\":\"https:\/\/digitalhelp.rgdi.net\/site\/#website\",\"url\":\"https:\/\/digitalhelp.rgdi.net\/site\/\",\"name\":\"Fa\u00e7a parte da EVOLU\u00c7\u00c3O Digital\",\"description\":\"Fa\u00e7a parte da EVOLU\u00c7\u00c3O Digital.\",\"publisher\":{\"@id\":\"https:\/\/digitalhelp.rgdi.net\/site\/#organization\"},\"potentialAction\":[{\"@type\":\"SearchAction\",\"target\":{\"@type\":\"EntryPoint\",\"urlTemplate\":\"https:\/\/digitalhelp.rgdi.net\/site\/?s={search_term_string}\"},\"query-input\":{\"@type\":\"PropertyValueSpecification\",\"valueRequired\":true,\"valueName\":\"search_term_string\"}}],\"inLanguage\":\"pt-BR\"},{\"@type\":\"Organization\",\"@id\":\"https:\/\/digitalhelp.rgdi.net\/site\/#organization\",\"name\":\"Digital Help\",\"url\":\"https:\/\/digitalhelp.rgdi.net\/site\/\",\"logo\":{\"@type\":\"ImageObject\",\"inLanguage\":\"pt-BR\",\"@id\":\"https:\/\/digitalhelp.rgdi.net\/site\/#\/schema\/logo\/image\/\",\"url\":\"https:\/\/digitalhelp.rgdi.net\/site\/wp-content\/uploads\/2021\/04\/logotipo-site-novo.png\",\"contentUrl\":\"https:\/\/digitalhelp.rgdi.net\/site\/wp-content\/uploads\/2021\/04\/logotipo-site-novo.png\",\"width\":150,\"height\":119,\"caption\":\"Digital Help\"},\"image\":{\"@id\":\"https:\/\/digitalhelp.rgdi.net\/site\/#\/schema\/logo\/image\/\"},\"sameAs\":[\"https:\/\/www.facebook.com\/digitalhelp.rgdi.net\"]},{\"@type\":\"Person\",\"@id\":\"https:\/\/digitalhelp.rgdi.net\/site\/#\/schema\/person\/05f722efe17dffbff81946c53f7d46d7\",\"name\":\"digitalhelp\",\"sameAs\":[\"http:\/\/www.digitalhelp.rgdi.net\"],\"url\":\"https:\/\/digitalhelp.rgdi.net\/site\/author\/digitalhelp\/\"}]}<\/script>\n<!-- \/ Yoast SEO plugin. -->","yoast_head_json":{"title":"Dudu e Osvaldo - PP - Fa\u00e7a parte da EVOLU\u00c7\u00c3O Digital","robots":{"index":"index","follow":"follow","max-snippet":"max-snippet:-1","max-image-preview":"max-image-preview:large","max-video-preview":"max-video-preview:-1"},"canonical":"https:\/\/digitalhelp.rgdi.net\/site\/dudu-e-osvaldo-pp\/","og_locale":"pt_BR","og_type":"article","og_title":"Dudu e Osvaldo - PP - Fa\u00e7a parte da EVOLU\u00c7\u00c3O Digital","og_description":"Cliente:&nbsp;Majorit\u00e1ria Dudu e Osvaldo |&nbsp;Localiza\u00e7\u00e3o:&nbsp;Porto Lucena\/RS \u2013 BrasilPartido:&nbsp;Progressistas |&nbsp;Coliga\u00e7\u00e3o:&nbsp;Unidos por Porto Lucena: Coragem para Mudar, Compet\u00eancia para Fazer! Servi\u00e7os:&nbsp;Cria\u00e7\u00e3o de Logotipo da majorit\u00e1ria e logotipo da coliga\u00e7\u00e3o, material de campanha impresso: Santinho, Folder 2 Dobras, Colinha, Adesivo Parachoque, Perfurite, Praguinha e Cartaz. IDENTIDADE VISUAL MATERIAL IMPRESSO A DHB produziu o material completo para a Campanha,...","og_url":"https:\/\/digitalhelp.rgdi.net\/site\/dudu-e-osvaldo-pp\/","og_site_name":"Fa\u00e7a parte da EVOLU\u00c7\u00c3O Digital","article_publisher":"https:\/\/www.facebook.com\/digitalhelp.rgdi.net","article_published_time":"2021-03-25T13:52:23+00:00","article_modified_time":"2021-07-07T18:24:06+00:00","og_image":[{"width":300,"height":240,"url":"https:\/\/digitalhelp.rgdi.net\/site\/wp-content\/uploads\/2021\/03\/dudu-osvaldo.jpg","type":"image\/jpeg"}],"author":"digitalhelp","twitter_card":"summary_large_image","twitter_misc":{"Escrito por":"digitalhelp","Est. tempo de leitura":"1 minuto"},"schema":{"@context":"https:\/\/schema.org","@graph":[{"@type":"Article","@id":"https:\/\/digitalhelp.rgdi.net\/site\/dudu-e-osvaldo-pp\/#article","isPartOf":{"@id":"https:\/\/digitalhelp.rgdi.net\/site\/dudu-e-osvaldo-pp\/"},"author":{"name":"digitalhelp","@id":"https:\/\/digitalhelp.rgdi.net\/site\/#\/schema\/person\/05f722efe17dffbff81946c53f7d46d7"},"headline":"Dudu e Osvaldo &#8211; PP","datePublished":"2021-03-25T13:52:23+00:00","dateModified":"2021-07-07T18:24:06+00:00","mainEntityOfPage":{"@id":"https:\/\/digitalhelp.rgdi.net\/site\/dudu-e-osvaldo-pp\/"},"wordCount":148,"publisher":{"@id":"https:\/\/digitalhelp.rgdi.net\/site\/#organization"},"image":{"@id":"https:\/\/digitalhelp.rgdi.net\/site\/dudu-e-osvaldo-pp\/#primaryimage"},"thumbnailUrl":"https:\/\/digitalhelp.rgdi.net\/site\/wp-content\/uploads\/2021\/03\/dudu-osvaldo.jpg","keywords":["candidato","Elei\u00e7\u00f5es 2020","m\u00eddia eleitoral","Porto Lucena","PP","Prefeito"],"articleSection":["Dudu e Osvaldo - Majorit\u00e1ria de Porto Lucena (PP)","MAJORIT\u00c1RIAS","M\u00cdDIA ELEITORAL - Elei\u00e7\u00f5es Municipais 2020"],"inLanguage":"pt-BR"},{"@type":"WebPage","@id":"https:\/\/digitalhelp.rgdi.net\/site\/dudu-e-osvaldo-pp\/","url":"https:\/\/digitalhelp.rgdi.net\/site\/dudu-e-osvaldo-pp\/","name":"Dudu e Osvaldo - PP - Fa\u00e7a parte da EVOLU\u00c7\u00c3O Digital","isPartOf":{"@id":"https:\/\/digitalhelp.rgdi.net\/site\/#website"},"primaryImageOfPage":{"@id":"https:\/\/digitalhelp.rgdi.net\/site\/dudu-e-osvaldo-pp\/#primaryimage"},"image":{"@id":"https:\/\/digitalhelp.rgdi.net\/site\/dudu-e-osvaldo-pp\/#primaryimage"},"thumbnailUrl":"https:\/\/digitalhelp.rgdi.net\/site\/wp-content\/uploads\/2021\/03\/dudu-osvaldo.jpg","datePublished":"2021-03-25T13:52:23+00:00","dateModified":"2021-07-07T18:24:06+00:00","breadcrumb":{"@id":"https:\/\/digitalhelp.rgdi.net\/site\/dudu-e-osvaldo-pp\/#breadcrumb"},"inLanguage":"pt-BR","potentialAction":[{"@type":"ReadAction","target":["https:\/\/digitalhelp.rgdi.net\/site\/dudu-e-osvaldo-pp\/"]}]},{"@type":"ImageObject","inLanguage":"pt-BR","@id":"https:\/\/digitalhelp.rgdi.net\/site\/dudu-e-osvaldo-pp\/#primaryimage","url":"https:\/\/digitalhelp.rgdi.net\/site\/wp-content\/uploads\/2021\/03\/dudu-osvaldo.jpg","contentUrl":"https:\/\/digitalhelp.rgdi.net\/site\/wp-content\/uploads\/2021\/03\/dudu-osvaldo.jpg","width":300,"height":240},{"@type":"BreadcrumbList","@id":"https:\/\/digitalhelp.rgdi.net\/site\/dudu-e-osvaldo-pp\/#breadcrumb","itemListElement":[{"@type":"ListItem","position":1,"name":"In\u00edcio","item":"https:\/\/digitalhelp.rgdi.net\/site\/"},{"@type":"ListItem","position":2,"name":"Dudu e Osvaldo &#8211; PP"}]},{"@type":"WebSite","@id":"https:\/\/digitalhelp.rgdi.net\/site\/#website","url":"https:\/\/digitalhelp.rgdi.net\/site\/","name":"Fa\u00e7a parte da EVOLU\u00c7\u00c3O Digital","description":"Fa\u00e7a parte da EVOLU\u00c7\u00c3O Digital.","publisher":{"@id":"https:\/\/digitalhelp.rgdi.net\/site\/#organization"},"potentialAction":[{"@type":"SearchAction","target":{"@type":"EntryPoint","urlTemplate":"https:\/\/digitalhelp.rgdi.net\/site\/?s={search_term_string}"},"query-input":{"@type":"PropertyValueSpecification","valueRequired":true,"valueName":"search_term_string"}}],"inLanguage":"pt-BR"},{"@type":"Organization","@id":"https:\/\/digitalhelp.rgdi.net\/site\/#organization","name":"Digital Help","url":"https:\/\/digitalhelp.rgdi.net\/site\/","logo":{"@type":"ImageObject","inLanguage":"pt-BR","@id":"https:\/\/digitalhelp.rgdi.net\/site\/#\/schema\/logo\/image\/","url":"https:\/\/digitalhelp.rgdi.net\/site\/wp-content\/uploads\/2021\/04\/logotipo-site-novo.png","contentUrl":"https:\/\/digitalhelp.rgdi.net\/site\/wp-content\/uploads\/2021\/04\/logotipo-site-novo.png","width":150,"height":119,"caption":"Digital Help"},"image":{"@id":"https:\/\/digitalhelp.rgdi.net\/site\/#\/schema\/logo\/image\/"},"sameAs":["https:\/\/www.facebook.com\/digitalhelp.rgdi.net"]},{"@type":"Person","@id":"https:\/\/digitalhelp.rgdi.net\/site\/#\/schema\/person\/05f722efe17dffbff81946c53f7d46d7","name":"digitalhelp","sameAs":["http:\/\/www.digitalhelp.rgdi.net"],"url":"https:\/\/digitalhelp.rgdi.net\/site\/author\/digitalhelp\/"}]}},"rttpg_featured_image_url":{"full":["https:\/\/digitalhelp.rgdi.net\/site\/wp-content\/uploads\/2021\/03\/dudu-osvaldo.jpg",300,240,false],"landscape":["https:\/\/digitalhelp.rgdi.net\/site\/wp-content\/uploads\/2021\/03\/dudu-osvaldo.jpg",300,240,false],"portraits":["https:\/\/digitalhelp.rgdi.net\/site\/wp-content\/uploads\/2021\/03\/dudu-osvaldo.jpg",300,240,false],"thumbnail":["https:\/\/digitalhelp.rgdi.net\/site\/wp-content\/uploads\/2021\/03\/dudu-osvaldo-100x90.jpg",100,90,true],"medium":["https:\/\/digitalhelp.rgdi.net\/site\/wp-content\/uploads\/2021\/03\/dudu-osvaldo.jpg",300,240,false],"large":["https:\/\/digitalhelp.rgdi.net\/site\/wp-content\/uploads\/2021\/03\/dudu-osvaldo.jpg",300,240,false],"1536x1536":["https:\/\/digitalhelp.rgdi.net\/site\/wp-content\/uploads\/2021\/03\/dudu-osvaldo.jpg",300,240,false],"2048x2048":["https:\/\/digitalhelp.rgdi.net\/site\/wp-content\/uploads\/2021\/03\/dudu-osvaldo.jpg",300,240,false],"complete_open_graph":["https:\/\/digitalhelp.rgdi.net\/site\/wp-content\/uploads\/2021\/03\/dudu-osvaldo.jpg",300,240,false],"depicter-thumbnail":["https:\/\/digitalhelp.rgdi.net\/site\/wp-content\/uploads\/2021\/03\/dudu-osvaldo.jpg",200,160,false],"vp_sm":["https:\/\/digitalhelp.rgdi.net\/site\/wp-content\/uploads\/2021\/03\/dudu-osvaldo.jpg",300,240,false],"vp_md":["https:\/\/digitalhelp.rgdi.net\/site\/wp-content\/uploads\/2021\/03\/dudu-osvaldo.jpg",300,240,false],"vp_lg":["https:\/\/digitalhelp.rgdi.net\/site\/wp-content\/uploads\/2021\/03\/dudu-osvaldo.jpg",300,240,false],"vp_xl":["https:\/\/digitalhelp.rgdi.net\/site\/wp-content\/uploads\/2021\/03\/dudu-osvaldo.jpg",300,240,false],"vp_sm_popup":["https:\/\/digitalhelp.rgdi.net\/site\/wp-content\/uploads\/2021\/03\/dudu-osvaldo.jpg",300,240,false],"vp_md_popup":["https:\/\/digitalhelp.rgdi.net\/site\/wp-content\/uploads\/2021\/03\/dudu-osvaldo.jpg",300,240,false],"vp_xl_popup":["https:\/\/digitalhelp.rgdi.net\/site\/wp-content\/uploads\/2021\/03\/dudu-osvaldo.jpg",300,240,false],"rpwe-thumbnail":["https:\/\/digitalhelp.rgdi.net\/site\/wp-content\/uploads\/2021\/03\/dudu-osvaldo.jpg",45,36,false],"woocommerce_thumbnail":["https:\/\/digitalhelp.rgdi.net\/site\/wp-content\/uploads\/2021\/03\/dudu-osvaldo.jpg",300,240,false],"woocommerce_single":["https:\/\/digitalhelp.rgdi.net\/site\/wp-content\/uploads\/2021\/03\/dudu-osvaldo.jpg",300,240,false],"woocommerce_gallery_thumbnail":["https:\/\/digitalhelp.rgdi.net\/site\/wp-content\/uploads\/2021\/03\/dudu-osvaldo-100x100.jpg",100,100,true]},"rttpg_author":{"display_name":"digitalhelp","author_link":"https:\/\/digitalhelp.rgdi.net\/site\/author\/digitalhelp\/"},"rttpg_comment":0,"rttpg_category":"<a href=\"https:\/\/digitalhelp.rgdi.net\/site\/category\/midia-eleitoral-eleicoes-municipais-2020\/majoritarias\/dudu-e-osvaldo-majoritaria-de-porto-lucena-pp\/\" rel=\"category tag\">Dudu e Osvaldo - Majorit\u00e1ria de Porto Lucena (PP)<\/a> <a href=\"https:\/\/digitalhelp.rgdi.net\/site\/category\/midia-eleitoral-eleicoes-municipais-2020\/majoritarias\/\" rel=\"category tag\">MAJORIT\u00c1RIAS<\/a> <a href=\"https:\/\/digitalhelp.rgdi.net\/site\/category\/midia-eleitoral-eleicoes-municipais-2020\/\" rel=\"category tag\">M\u00cdDIA ELEITORAL - Elei\u00e7\u00f5es Municipais 2020<\/a>","rttpg_excerpt":"Cliente:&nbsp;Majorit\u00e1ria Dudu e Osvaldo |&nbsp;Localiza\u00e7\u00e3o:&nbsp;Porto Lucena\/RS \u2013 BrasilPartido:&nbsp;Progressistas |&nbsp;Coliga\u00e7\u00e3o:&nbsp;Unidos por Porto Lucena: Coragem para Mudar, Compet\u00eancia para Fazer! Servi\u00e7os:&nbsp;Cria\u00e7\u00e3o de Logotipo da majorit\u00e1ria e logotipo da coliga\u00e7\u00e3o, material de campanha impresso: Santinho, Folder 2 Dobras, Colinha, Adesivo Parachoque, Perfurite, Praguinha e Cartaz. IDENTIDADE VISUAL MATERIAL IMPRESSO A DHB produziu o material completo para a Campanha,...","_links":{"self":[{"href":"https:\/\/digitalhelp.rgdi.net\/site\/wp-json\/wp\/v2\/posts\/2655","targetHints":{"allow":["GET"]}}],"collection":[{"href":"https:\/\/digitalhelp.rgdi.net\/site\/wp-json\/wp\/v2\/posts"}],"about":[{"href":"https:\/\/digitalhelp.rgdi.net\/site\/wp-json\/wp\/v2\/types\/post"}],"author":[{"embeddable":true,"href":"https:\/\/digitalhelp.rgdi.net\/site\/wp-json\/wp\/v2\/users\/1"}],"replies":[{"embeddable":true,"href":"https:\/\/digitalhelp.rgdi.net\/site\/wp-json\/wp\/v2\/comments?post=2655"}],"version-history":[{"count":8,"href":"https:\/\/digitalhelp.rgdi.net\/site\/wp-json\/wp\/v2\/posts\/2655\/revisions"}],"predecessor-version":[{"id":3335,"href":"https:\/\/digitalhelp.rgdi.net\/site\/wp-json\/wp\/v2\/posts\/2655\/revisions\/3335"}],"wp:featuredmedia":[{"embeddable":true,"href":"https:\/\/digitalhelp.rgdi.net\/site\/wp-json\/wp\/v2\/media\/2656"}],"wp:attachment":[{"href":"https:\/\/digitalhelp.rgdi.net\/site\/wp-json\/wp\/v2\/media?parent=2655"}],"wp:term":[{"taxonomy":"category","embeddable":true,"href":"https:\/\/digitalhelp.rgdi.net\/site\/wp-json\/wp\/v2\/categories?post=2655"},{"taxonomy":"post_tag","embeddable":true,"href":"https:\/\/digitalhelp.rgdi.net\/site\/wp-json\/wp\/v2\/tags?post=2655"}],"curies":[{"name":"wp","href":"https:\/\/api.w.org\/{rel}","templated":true}]}}